{"id":1315,"date":"2018-04-21T13:25:36","date_gmt":"2018-04-21T11:25:36","guid":{"rendered":"http:\/\/festivaldelinde.org\/fr\/?p=1315"},"modified":"2020-12-09T13:01:12","modified_gmt":"2020-12-09T12:01:12","slug":"vegetarisme-et-vaches-sacrees","status":"publish","type":"post","link":"https:\/\/festivaldelinde.org\/fr\/vegetarisme-et-vaches-sacrees\/","title":{"rendered":"V\u00e9g\u00e9tarisme et Vaches Sacr\u00e9es"},"content":{"rendered":"<p><img fetchpriority=\"high\" decoding=\"async\" class=\"size-full wp-image-654 alignleft\" src=\"https:\/\/festivaldelinde.org\/fr\/wp-content\/uploads\/tdli\/29a-vegetarisme-et-vaches-sacrees.jpg\" alt=\"V\u00e9g\u00e9tarisme et Vaches Sacr\u00e9es\" width=\"715\" height=\"1333\" srcset=\"https:\/\/festivaldelinde.org\/fr\/wp-content\/uploads\/tdli\/29a-vegetarisme-et-vaches-sacrees.jpg 715w, https:\/\/festivaldelinde.org\/fr\/wp-content\/uploads\/tdli\/29a-vegetarisme-et-vaches-sacrees-161x300.jpg 161w, https:\/\/festivaldelinde.org\/fr\/wp-content\/uploads\/tdli\/29a-vegetarisme-et-vaches-sacrees-549x1024.jpg 549w\" sizes=\"(max-width: 715px) 100vw, 715px\" \/><!--nextpage--><img decoding=\"async\" class=\"size-full wp-image-655 alignleft\" src=\"https:\/\/festivaldelinde.org\/fr\/wp-content\/uploads\/tdli\/29b-vegetarisme-et-vaches-sacrees.jpg\" alt=\"V\u00e9g\u00e9tarisme et Vaches Sacr\u00e9es\" width=\"715\" height=\"1759\" srcset=\"https:\/\/festivaldelinde.org\/fr\/wp-content\/uploads\/tdli\/29b-vegetarisme-et-vaches-sacrees.jpg 715w, https:\/\/festivaldelinde.org\/fr\/wp-content\/uploads\/tdli\/29b-vegetarisme-et-vaches-sacrees-122x300.jpg 122w, https:\/\/festivaldelinde.org\/fr\/wp-content\/uploads\/tdli\/29b-vegetarisme-et-vaches-sacrees-416x1024.jpg 416w\" sizes=\"(max-width: 715px) 100vw, 715px\" \/><!--nextpage--><img decoding=\"async\" class=\"size-full wp-image-656 alignleft\" src=\"https:\/\/festivaldelinde.org\/fr\/wp-content\/uploads\/tdli\/29c-vegetarisme-et-vaches-sacrees.jpg\" alt=\"V\u00e9g\u00e9tarisme et Vaches Sacr\u00e9es\" width=\"715\" height=\"1265\" srcset=\"https:\/\/festivaldelinde.org\/fr\/wp-content\/uploads\/tdli\/29c-vegetarisme-et-vaches-sacrees.jpg 715w, https:\/\/festivaldelinde.org\/fr\/wp-content\/uploads\/tdli\/29c-vegetarisme-et-vaches-sacrees-170x300.jpg 170w, https:\/\/festivaldelinde.org\/fr\/wp-content\/uploads\/tdli\/29c-vegetarisme-et-vaches-sacrees-579x1024.jpg 579w\" sizes=\"(max-width: 715px) 100vw, 715px\" \/><\/p>\n","protected":false},"excerpt":{"rendered":"","protected":false},"author":6,"featured_media":0,"comment_status":"closed","ping_status":"closed","sticky":false,"template":"","format":"standard","meta":{"footnotes":""},"categories":[11],"tags":[],"class_list":["post-1315","post","type-post","status-publish","format-standard","hentry","category-hgoi"],"_links":{"self":[{"href":"https:\/\/festivaldelinde.org\/fr\/wp-json\/wp\/v2\/posts\/1315","targetHints":{"allow":["GET"]}}],"collection":[{"href":"https:\/\/festivaldelinde.org\/fr\/wp-json\/wp\/v2\/posts"}],"about":[{"href":"https:\/\/festivaldelinde.org\/fr\/wp-json\/wp\/v2\/types\/post"}],"author":[{"embeddable":true,"href":"https:\/\/festivaldelinde.org\/fr\/wp-json\/wp\/v2\/users\/6"}],"replies":[{"embeddable":true,"href":"https:\/\/festivaldelinde.org\/fr\/wp-json\/wp\/v2\/comments?post=1315"}],"version-history":[{"count":0,"href":"https:\/\/festivaldelinde.org\/fr\/wp-json\/wp\/v2\/posts\/1315\/revisions"}],"wp:attachment":[{"href":"https:\/\/festivaldelinde.org\/fr\/wp-json\/wp\/v2\/media?parent=1315"}],"wp:term":[{"taxonomy":"category","embeddable":true,"href":"https:\/\/festivaldelinde.org\/fr\/wp-json\/wp\/v2\/categories?post=1315"},{"taxonomy":"post_tag","embeddable":true,"href":"https:\/\/festivaldelinde.org\/fr\/wp-json\/wp\/v2\/tags?post=1315"}],"curies":[{"name":"wp","href":"https:\/\/api.w.org\/{rel}","templated":true}]}}